{"id":740,"date":"2023-05-11T09:08:38","date_gmt":"2023-05-11T07:08:38","guid":{"rendered":"https:\/\/www.sageauthie.fr\/?p=740"},"modified":"2023-11-14T09:16:47","modified_gmt":"2023-11-14T08:16:47","slug":"arrete-prefectoral-reglementant-les-usages-de-leau-en-vue-de-la-preservation-de-la-ressource-en-eau-dans-le-departement-du-pas-de-calais","status":"publish","type":"post","link":"https:\/\/www.sageauthie.fr\/index.php\/2023\/05\/11\/arrete-prefectoral-reglementant-les-usages-de-leau-en-vue-de-la-preservation-de-la-ressource-en-eau-dans-le-departement-du-pas-de-calais\/","title":{"rendered":"Arr\u00eat\u00e9 pr\u00e9fectoral r\u00e9glementant les usages de l&rsquo;eau en vue de la pr\u00e9servation de la  ressource en eau dans le d\u00e9partement du Pas-de-Calais"},"content":{"rendered":"\n<p>Un arr\u00eat\u00e9 a \u00e9t\u00e9 publi\u00e9 le 17 avril 2023 concernant les communes du Pas-de-Calais. Toutes les unit\u00e9s s\u00e9cheresse du d\u00e9partement sont plac\u00e9es en vigilance s\u00e9cheresse. Ce seuil n&rsquo;implique pas de restrictions sur les usages de l&rsquo;eau et concerne les communes du bassin versant de l&rsquo;Authie qui se trouvent dans le Pas-de-Calais. <\/p>\n\n\n\n<p>Une affiche de communication sur les bons gestes \u00e0 mettre en place pour les diff\u00e9rents acteurs et usagers de l&rsquo;eau a \u00e9t\u00e9 partag\u00e9e par la m\u00eame occasion.<\/p>\n\n\n\n<div class=\"wp-block-file\"><a id=\"wp-block-file--media-74260859-91d5-4f15-98e7-f4cced058762\" href=\"https:\/\/www.sageauthie.fr\/wp-content\/uploads\/2023\/05\/Recueil-des-actes-administratifs-n\u00b027-en-date-du-18-avril-2023-reglementation-usage-de-leau-11-14.pdf\">Recueil des actes administratifs n\u00b027 en date du 18 avril 2023- r\u00e8glementation usage de l&rsquo;eau-11-14<\/a><a href=\"https:\/\/www.sageauthie.fr\/wp-content\/uploads\/2023\/05\/Recueil-des-actes-administratifs-n\u00b027-en-date-du-18-avril-2023-reglementation-usage-de-leau-11-14.pdf\" class=\"wp-block-file__button wp-element-button\" download aria-describedby=\"wp-block-file--media-74260859-91d5-4f15-98e7-f4cced058762\">T\u00e9l\u00e9charger<\/a><\/div>\n\n\n\n<div data-wp-interactive=\"core\/file\" class=\"wp-block-file\"><object data-wp-bind--hidden=\"!state.hasPdfPreview\" hidden class=\"wp-block-file__embed\" data=\"https:\/\/www.sageauthie.fr\/wp-content\/uploads\/2023\/05\/Affiche-vectorisee.pdf\" type=\"application\/pdf\" style=\"width:100%;height:600px\" aria-label=\"Contenu embarqu\u00e9 Affiche vectoris\u00e9e.\"><\/object><a id=\"wp-block-file--media-ab69de1d-e187-4638-80cc-0450c5dce5ce\" href=\"https:\/\/www.sageauthie.fr\/wp-content\/uploads\/2023\/05\/Affiche-vectorisee.pdf\">Affiche vectoris\u00e9e<\/a><a href=\"https:\/\/www.sageauthie.fr\/wp-content\/uploads\/2023\/05\/Affiche-vectorisee.pdf\" class=\"wp-block-file__button wp-element-button\" download aria-describedby=\"wp-block-file--media-ab69de1d-e187-4638-80cc-0450c5dce5ce\">T\u00e9l\u00e9charger<\/a><\/div>\n","protected":false},"excerpt":{"rendered":"<p>Un arr\u00eat\u00e9 a \u00e9t\u00e9 publi\u00e9 le 17 avril 2023 concernant les communes du Pas-de-Calais. Toutes les unit\u00e9s s\u00e9cheresse du d\u00e9partement sont plac\u00e9es en vigilance s\u00e9cheresse. Ce seuil n&rsquo;implique pas de restrictions sur les usages de l&rsquo;eau et concerne les communes du bassin versant de l&rsquo;Authie qui se trouvent dans le Pas-de-Calais. Une affiche de communication &hellip; <\/p>\n<p class=\"link-more\"><a href=\"https:\/\/www.sageauthie.fr\/index.php\/2023\/05\/11\/arrete-prefectoral-reglementant-les-usages-de-leau-en-vue-de-la-preservation-de-la-ressource-en-eau-dans-le-departement-du-pas-de-calais\/\" class=\"more-link\">Continuer la lecture<span class=\"screen-reader-text\"> de &laquo;&nbsp;Arr\u00eat\u00e9 pr\u00e9fectoral r\u00e9glementant les usages de l&rsquo;eau en vue de la pr\u00e9servation de la  ressource en eau dans le d\u00e9partement du Pas-de-Calais&nbsp;&raquo;<\/span><\/a><\/p>\n","protected":false},"author":2,"featured_media":0,"comment_status":"closed","ping_status":"closed","sticky":false,"template":"","format":"standard","meta":{"footnotes":""},"categories":[1],"tags":[],"class_list":["post-740","post","type-post","status-publish","format-standard","hentry","category-non-classe"],"_links":{"self":[{"href":"https:\/\/www.sageauthie.fr\/index.php\/wp-json\/wp\/v2\/posts\/740","targetHints":{"allow":["GET"]}}],"collection":[{"href":"https:\/\/www.sageauthie.fr\/index.php\/wp-json\/wp\/v2\/posts"}],"about":[{"href":"https:\/\/www.sageauthie.fr\/index.php\/wp-json\/wp\/v2\/types\/post"}],"author":[{"embeddable":true,"href":"https:\/\/www.sageauthie.fr\/index.php\/wp-json\/wp\/v2\/users\/2"}],"replies":[{"embeddable":true,"href":"https:\/\/www.sageauthie.fr\/index.php\/wp-json\/wp\/v2\/comments?post=740"}],"version-history":[{"count":5,"href":"https:\/\/www.sageauthie.fr\/index.php\/wp-json\/wp\/v2\/posts\/740\/revisions"}],"predecessor-version":[{"id":748,"href":"https:\/\/www.sageauthie.fr\/index.php\/wp-json\/wp\/v2\/posts\/740\/revisions\/748"}],"wp:attachment":[{"href":"https:\/\/www.sageauthie.fr\/index.php\/wp-json\/wp\/v2\/media?parent=740"}],"wp:term":[{"taxonomy":"category","embeddable":true,"href":"https:\/\/www.sageauthie.fr\/index.php\/wp-json\/wp\/v2\/categories?post=740"},{"taxonomy":"post_tag","embeddable":true,"href":"https:\/\/www.sageauthie.fr\/index.php\/wp-json\/wp\/v2\/tags?post=740"}],"curies":[{"name":"wp","href":"https:\/\/api.w.org\/{rel}","templated":true}]}}